{"id":7241,"date":"2015-03-04T19:29:57","date_gmt":"2015-03-04T19:29:57","guid":{"rendered":"https:\/\/clinicadentariajardimdosarcos.pt\/coimbra-de-carvalho\/"},"modified":"2019-07-02T13:01:46","modified_gmt":"2019-07-02T12:01:46","slug":"coimbra-de-carvalho","status":"publish","type":"post","link":"https:\/\/clinicadentariajardimdosarcos.pt\/en\/coimbra-de-carvalho\/","title":{"rendered":"Coimbra de Carvalho"},"content":{"rendered":"<p><img decoding=\"async\" class=\"alignleft wp-image-4767 size-thumbnail lazyload\" data-src=\"https:\/\/clinicadentariajardimdosarcos.pt\/wp-content\/uploads\/2015\/04\/Ant\u00f3nio_Coimbra_de_Carvalho-Foto1-150x150.jpg\" alt=\"Ant\u00f3nio Coimbra de Carvalho, dentista, Pa\u00e7o de Arcos, Oeiras\" width=\"150\" height=\"150\" src=\"data:image\/svg+xml;base64,PHN2ZyB3aWR0aD0iMSIgaGVpZ2h0PSIxIiB4bWxucz0iaHR0cDovL3d3dy53My5vcmcvMjAwMC9zdmciPjwvc3ZnPg==\" style=\"--smush-placeholder-width: 150px; --smush-placeholder-aspect-ratio: 150\/150;\"><strong>Professional certificate n\u00ba 764.<\/strong><\/p>\n<p>Ant\u00f3nio Coimbra de Carvalho holds a degree in Dental Medicine from the Faculty of Medicine of the University of Coimbra (1991).<\/p>\n<p>He completed a master\u2019s degree in Endodontics from the International University of Catalonia (Barcelona) in 2009.<\/p>\n<p>He has a Diploma of Advanced Studies of the Doctoral Program in \u201cClinical and Laboratory Techniques in Dental Medicine\u201d from the International University of Catalonia (Barcelona), 2009.<\/p>\n<p>General practice with preferential area Prosthetic Rehabilitation and Geriatric Dental Medicine.<\/p>\n<h2><strong>Professional Experience<\/strong><\/h2>\n<ul>\n<li>From August 1991 to December 2001, Sta. Joana Dental Clinic, performing general dental medicine with a workload of 40 hours per week.<\/li>\n<li>Since 1999, he has held the position of Clinical and Medical Director at Jardim dos Arcos Dental Clinic. Jardim dos Arcos Dental Clinic is located in Oeiras, and boasts 6 items of equipment, a digital Panoramic Radiograph with Cephalostat, RVG and electronic microscope.<\/li>\n<\/ul>\n<h2><strong>&nbsp;Academic qualifications<\/strong><\/h2>\n<ul>\n<li>July 1991, Degree in Dental Medicine, Faculty of Medicine, University of Coimbra. Registered with the Dental Association under the no. 764;<\/li>\n<li>Extraordinary member of the Portuguese Academy of Oral Medicine;<\/li>\n<li>January 20, 1995, Madrid, Practical Theoretical Course in Oral Implantology and Reconstructive Surgery (190 hours) taught by Prof. Manuel Chanavaz (Diploma awarded by the Faculty of Medicine of the University of Lille II);<\/li>\n<li>9 to 12 December 1995, in Lille, Intensive Course in Anatomy and Dissection of the Head and Neck taught by Prof. Jean Paul Franck and Prof. Manuel Chanavaz at the Faculty of Medicine of the University of Lille II;<\/li>\n<li>May 1997, London, 10-day program on \u201cDiagnosis, Surgical and Prosthetic Aspects of Osseointegrated Implants\u201d by Dr. Ashok Sethi;<\/li>\n<li>May 1998, in Lille, University Diploma in Occlusion and Functional Oral Rehabilitation taught by Prof. Pierre Dupas at the Faculty of Dentistry, University of Lille II;<\/li>\n<li>November 2000, Barcelona, \u201cCourse in Clinical Endodontics: from Theory to Practice\u201d, 60 hours taught by Prof. Esteban Grau Aguad\u00e9, Prof. Carlos Canalda Sahli and Prof. Jos\u00e9 Pumarola Sune;<\/li>\n<li>14 December 2001, in Lille, Postgraduate D\u2019Occlusodontie Clinique (231 hours) taught by Prof. Pierre Dupas at the Faculty of Dentistry, University of Lille II;<\/li>\n<li>February 2002, in Lisbon, 260 hours of Academic and Clinical Program of POS (Progressive Orthodontic Seminars);<\/li>\n<li>2 October 2004, in Porto, Medical Emergency Course and External Automatic Defibrillation (18 hours) given by GRECAR at the School of Health Sciences North;<\/li>\n<li>April 2009, conclusion of the 1st year of the Doctoral Course at the International University of Catalonia;<\/li>\n<li>30 July 2009, Barcelona, Master in Endodontics by the International University of Catalonia (20072009). Defense of the Master\u2019s thesis entitled: Comparison of the Bactericidal Efficacy of ENDOX with 5.25% Hypochlorite and with 1% Hypochlorite heated to 60\u00ba C. Laboratory work carried out at ICAT (Institute of Applied Sciences and Technology of the Faculty of Sciences of University of Lisbon), under the guidance of Prof. Ana Tenreiro, who served as support to obtain the Diploma of Advanced Studies (DEA).<\/li>\n<\/ul>\n<h2><strong>Conferences, Seminars and other initiatives<\/strong><\/h2>\n<ul>\n<li>25-26 October 1991, Madrid, Theoretical Practical Course in Rehabilitation with Bonded Ceramic Facing by Dr. Ronald Jordan, Dr. Robert Ibsen and Dr. David Ouellet<\/li>\n<li>31May 1992, Lisbon, Theoretical \/ Practical Course in Periodontology taught by Dr Philip R. Greene;<\/li>\n<li>5 to 7 December 1992, in Porto, Aesthetics Course in Fixed Prosthesis, during the Annual Congress of the Professional Association of Medical Dentists;<\/li>\n<li>15 December 1992 in Lisbon \u2013 Scientific Session organized by the Portuguese Academy of Oral Medicine on the theme \u201cOral Cancer\u201d, given by Dr. Tony Axel (Center for Oral Health Science, Lund University, Malmo, Sweden);<\/li>\n<li>29 to 30 January 1993 in Madrid, Iberian Symposium ITI (International Team for Oral Implantology), organized by the Official College of Dentists and Stomatologists of the First Region;<\/li>\n<li>13 to 15 May 1993 in Basel, ITI Symposium;<\/li>\n<li>23 October 1993, in Porto, Basic Course in Prosthetic Rehabilitation of the Edentulous according to the principles of osteointegration AD MODUM BRANEMARK given by Dr. Carlos Aparicio Megallon;<\/li>\n<li>14 February 1997, London, Course on Theoretical Aspects of Manipulation of the Simultaneous Maxillary Bone Implant Placement by Dr. Ashok Sethi<\/li>\n<li>26 November 2004, in Seville, II ITI HispanoLuso Congress;<\/li>\n<li>19 and 20 October, in Lisbon, Organizer of Conference on Implantology and Maxillofacial Surgery, taught by Prof. Manuel Chanavaz of the Department of Implantology and Maxillofacial Surgery of the Faculty of Medicine of the University of Lille II;<\/li>\n<li>November 2002, in Santiago de Compostela, Course of Operative Dentistry, taught by Prof. Jorge Perdig\u00e3o;<\/li>\n<li>June 2006, Lisbon, Homotoxicology course,<\/li>\n<li>February 2006, in Barcelona, Course in Bonded Ceramic Restorations by Dr. Pascal Magne;<\/li>\n<li>December 2006, Madrid, Theoretical Practical Module of Transcortical Anesthesia \u201cQuickSleeper 2\u201d;<\/li>\n<li>February 2007, Porto, Theoretical Practical Course in Rotary Mechanical Instrumentation with the New Generation of Protaper Universal and Thermoplastic Shutter with the New Protaper Shutters, taught by Dr. Shim\u00f3n Friedman DMD, Toronto, Canada,<\/li>\n<li>10 May 2007, Paris, Theoretical Practical Module on Transcortic Anesthesia with \u201cQuickSleeper 2\u201d,<\/li>\n<li>11 May 2007, Paris, Seminar on \u201cUsing NTItss in clinical practice\u201d, organized by emotion,<\/li>\n<li>July 2007, conclusion of the Online course in Orofacial Pain<\/li>\n<li>September 2007, in Coimbra, participation in the 1st meeting of Endodontics organized by the endodontics section of the Portuguese Society of Stomatology and Dental Medicine;<\/li>\n<li>1, 2 and 3 November 2007, participation in the XXVIII National Congress of the Spanish Association of Endodontics.<\/li>\n<\/ul>\n<p><strong>+ Info:<\/strong> <a title=\"Coimbra de Carvalho\" href=\"https:\/\/clinicadentariajardimdosarcos.pt\/wp-content\/uploads\/2019\/04\/CV-Amando-Coimbra-Clinica-Dentaria-Jardim-dos-Arcos.pdf\" target=\"_blank\" rel=\"noopener noreferrer\">Full CV<\/a>.<\/p>\n","protected":false},"excerpt":{"rendered":"<p>Professional certificate n\u00ba 764. Ant\u00f3nio Coimbra de Carvalho holds a degree in Dental Medicine from the Faculty of Medicine of the University of Coimbra (1991). He completed a master\u2019s degree in Endodontics from the International University of Catalonia (Barcelona) in 2009. He has a Diploma of Advanced Studies of the Doctoral Program in \u201cClinical and [&hellip;]<\/p>\n","protected":false},"author":2,"featured_media":0,"comment_status":"closed","ping_status":"closed","sticky":false,"template":"","format":"standard","meta":{"site-sidebar-layout":"default","site-content-layout":"default","ast-site-content-layout":"default","site-content-style":"default","site-sidebar-style":"default","ast-global-header-display":"","ast-banner-title-visibility":"","ast-main-header-display":"","ast-hfb-above-header-display":"","ast-hfb-below-header-display":"","ast-hfb-mobile-header-display":"","site-post-title":"","ast-breadcrumbs-content":"","ast-featured-img":"","footer-sml-layout":"","ast-disable-related-posts":"","theme-transparent-header-meta":"default","adv-header-id-meta":"","stick-header-meta":"","header-above-stick-meta":"","header-main-stick-meta":"","header-below-stick-meta":"","astra-migrate-meta-layouts":"default","ast-page-background-enabled":"default","ast-page-background-meta":{"desktop":{"background-color":"","background-image":"","background-repeat":"repeat","background-position":"center center","background-size":"auto","background-attachment":"scroll","background-type":"","background-media":"","overlay-type":"","overlay-color":"","overlay-opacity":"","overlay-gradient":""},"tablet":{"background-color":"","background-image":"","background-repeat":"repeat","background-position":"center center","background-size":"auto","background-attachment":"scroll","background-type":"","background-media":"","overlay-type":"","overlay-color":"","overlay-opacity":"","overlay-gradient":""},"mobile":{"background-color":"","background-image":"","background-repeat":"repeat","background-position":"center center","background-size":"auto","background-attachment":"scroll","background-type":"","background-media":"","overlay-type":"","overlay-color":"","overlay-opacity":"","overlay-gradient":""}},"ast-content-background-meta":{"desktop":{"background-color":"var(--ast-global-color-5)","background-image":"","background-repeat":"repeat","background-position":"center center","background-size":"auto","background-attachment":"scroll","background-type":"","background-media":"","overlay-type":"","overlay-color":"","overlay-opacity":"","overlay-gradient":""},"tablet":{"background-color":"var(--ast-global-color-5)","background-image":"","background-repeat":"repeat","background-position":"center center","background-size":"auto","background-attachment":"scroll","background-type":"","background-media":"","overlay-type":"","overlay-color":"","overlay-opacity":"","overlay-gradient":""},"mobile":{"background-color":"var(--ast-global-color-5)","background-image":"","background-repeat":"repeat","background-position":"center center","background-size":"auto","background-attachment":"scroll","background-type":"","background-media":"","overlay-type":"","overlay-color":"","overlay-opacity":"","overlay-gradient":""}},"footnotes":""},"categories":[158,124,125],"tags":[126],"class_list":["post-7241","post","type-post","status-publish","format-standard","hentry","category-clinical-director-en","category-dentist-en","category-director-clinico-en","tag-reabilitacao-oral-en"],"yoast_head":"<!-- This site is optimized with the Yoast SEO plugin v27.3 - https:\/\/yoast.com\/product\/yoast-seo-wordpress\/ -->\n<title>Coimbra de Carvalho - Cl\u00ednica Dent\u00e1ria Jardim dos Arcos<\/title>\n<meta name=\"description\" content=\"Cl\u00ednica Dent\u00e1ria Jardim dos Arcos, the best dentists in Pa\u00e7os de Arcos, Oeiras, Lisboa.\" \/>\n<meta name=\"robots\" content=\"index, follow, max-snippet:-1, max-image-preview:large, max-video-preview:-1\" \/>\n<link rel=\"canonical\" href=\"https:\/\/clinicadentariajardimdosarcos.pt\/en\/coimbra-de-carvalho\/\" \/>\n<meta property=\"og:locale\" content=\"en_US\" \/>\n<meta property=\"og:type\" content=\"article\" \/>\n<meta property=\"og:title\" content=\"Coimbra de Carvalho - Cl\u00ednica Dent\u00e1ria Jardim dos Arcos\" \/>\n<meta property=\"og:description\" content=\"Cl\u00ednica Dent\u00e1ria Jardim dos Arcos, the best dentists in Pa\u00e7os de Arcos, Oeiras, Lisboa.\" \/>\n<meta property=\"og:url\" content=\"https:\/\/clinicadentariajardimdosarcos.pt\/en\/coimbra-de-carvalho\/\" \/>\n<meta property=\"og:site_name\" content=\"Cl\u00ednica Dent\u00e1ria Jardim dos Arcos\" \/>\n<meta property=\"article:author\" content=\"https:\/\/www.facebook.com\/profile.php?id=100000634654800\" \/>\n<meta property=\"article:published_time\" content=\"2015-03-04T19:29:57+00:00\" \/>\n<meta property=\"article:modified_time\" content=\"2019-07-02T12:01:46+00:00\" \/>\n<meta property=\"og:image\" content=\"https:\/\/clinicadentariajardimdosarcos.pt\/wp-content\/uploads\/2015\/04\/Ant\u00f3nio_Coimbra_de_Carvalho-Foto1-150x150.jpg\" \/>\n<meta name=\"author\" content=\"Clinica Jardim dos Arcos\" \/>\n<meta name=\"twitter:card\" content=\"summary_large_image\" \/>\n<meta name=\"twitter:creator\" content=\"@jardimdosarcos\" \/>\n<meta name=\"twitter:label1\" content=\"Written by\" \/>\n\t<meta name=\"twitter:data1\" content=\"Clinica Jardim dos Arcos\" \/>\n\t<meta name=\"twitter:label2\" content=\"Est. reading time\" \/>\n\t<meta name=\"twitter:data2\" content=\"4 minutes\" \/>\n<script type=\"application\/ld+json\" class=\"yoast-schema-graph\">{\"@context\":\"https:\\\/\\\/schema.org\",\"@graph\":[{\"@type\":\"Article\",\"@id\":\"https:\\\/\\\/clinicadentariajardimdosarcos.pt\\\/en\\\/coimbra-de-carvalho\\\/#article\",\"isPartOf\":{\"@id\":\"https:\\\/\\\/clinicadentariajardimdosarcos.pt\\\/en\\\/coimbra-de-carvalho\\\/\"},\"author\":{\"name\":\"Clinica Jardim dos Arcos\",\"@id\":\"https:\\\/\\\/clinicadentariajardimdosarcos.pt\\\/en\\\/#\\\/schema\\\/person\\\/96422b1b3d3f30cb46ee5158178822f2\"},\"headline\":\"Coimbra de Carvalho\",\"datePublished\":\"2015-03-04T19:29:57+00:00\",\"dateModified\":\"2019-07-02T12:01:46+00:00\",\"mainEntityOfPage\":{\"@id\":\"https:\\\/\\\/clinicadentariajardimdosarcos.pt\\\/en\\\/coimbra-de-carvalho\\\/\"},\"wordCount\":810,\"publisher\":{\"@id\":\"https:\\\/\\\/clinicadentariajardimdosarcos.pt\\\/en\\\/#organization\"},\"keywords\":[\"Reabilita\u00e7\u00e3o Oral\"],\"articleSection\":[\"Clinical Director\",\"Dentist\",\"Director Cl\u00ednico\"],\"inLanguage\":\"en-US\"},{\"@type\":\"WebPage\",\"@id\":\"https:\\\/\\\/clinicadentariajardimdosarcos.pt\\\/en\\\/coimbra-de-carvalho\\\/\",\"url\":\"https:\\\/\\\/clinicadentariajardimdosarcos.pt\\\/en\\\/coimbra-de-carvalho\\\/\",\"name\":\"Coimbra de Carvalho - Cl\u00ednica Dent\u00e1ria Jardim dos Arcos\",\"isPartOf\":{\"@id\":\"https:\\\/\\\/clinicadentariajardimdosarcos.pt\\\/en\\\/#website\"},\"datePublished\":\"2015-03-04T19:29:57+00:00\",\"dateModified\":\"2019-07-02T12:01:46+00:00\",\"description\":\"Cl\u00ednica Dent\u00e1ria Jardim dos Arcos, the best dentists in Pa\u00e7os de Arcos, Oeiras, Lisboa.\",\"breadcrumb\":{\"@id\":\"https:\\\/\\\/clinicadentariajardimdosarcos.pt\\\/en\\\/coimbra-de-carvalho\\\/#breadcrumb\"},\"inLanguage\":\"en-US\",\"potentialAction\":[{\"@type\":\"ReadAction\",\"target\":[\"https:\\\/\\\/clinicadentariajardimdosarcos.pt\\\/en\\\/coimbra-de-carvalho\\\/\"]}]},{\"@type\":\"BreadcrumbList\",\"@id\":\"https:\\\/\\\/clinicadentariajardimdosarcos.pt\\\/en\\\/coimbra-de-carvalho\\\/#breadcrumb\",\"itemListElement\":[{\"@type\":\"ListItem\",\"position\":1,\"name\":\"In\u00edcio\",\"item\":\"https:\\\/\\\/clinicadentariajardimdosarcos.pt\\\/en\\\/\"},{\"@type\":\"ListItem\",\"position\":2,\"name\":\"Coimbra de Carvalho\"}]},{\"@type\":\"WebSite\",\"@id\":\"https:\\\/\\\/clinicadentariajardimdosarcos.pt\\\/en\\\/#website\",\"url\":\"https:\\\/\\\/clinicadentariajardimdosarcos.pt\\\/en\\\/\",\"name\":\"Cl\u00ednica Dent\u00e1ria Jardim dos Arcos\",\"description\":\"O Seu Dentista em Pa\u00e7o de Arcos, Oeiras, Lisboa\",\"publisher\":{\"@id\":\"https:\\\/\\\/clinicadentariajardimdosarcos.pt\\\/en\\\/#organization\"},\"potentialAction\":[{\"@type\":\"SearchAction\",\"target\":{\"@type\":\"EntryPoint\",\"urlTemplate\":\"https:\\\/\\\/clinicadentariajardimdosarcos.pt\\\/en\\\/?s={search_term_string}\"},\"query-input\":{\"@type\":\"PropertyValueSpecification\",\"valueRequired\":true,\"valueName\":\"search_term_string\"}}],\"inLanguage\":\"en-US\"},{\"@type\":\"Organization\",\"@id\":\"https:\\\/\\\/clinicadentariajardimdosarcos.pt\\\/en\\\/#organization\",\"name\":\"Cl\u00ednica Dent\u00e1ria Jardim dos Arcos\",\"url\":\"https:\\\/\\\/clinicadentariajardimdosarcos.pt\\\/en\\\/\",\"logo\":{\"@type\":\"ImageObject\",\"inLanguage\":\"en-US\",\"@id\":\"https:\\\/\\\/clinicadentariajardimdosarcos.pt\\\/en\\\/#\\\/schema\\\/logo\\\/image\\\/\",\"url\":\"https:\\\/\\\/clinicadentariajardimdosarcos.pt\\\/wp-content\\\/uploads\\\/2015\\\/02\\\/logo.png\",\"contentUrl\":\"https:\\\/\\\/clinicadentariajardimdosarcos.pt\\\/wp-content\\\/uploads\\\/2015\\\/02\\\/logo.png\",\"width\":182,\"height\":85,\"caption\":\"Cl\u00ednica Dent\u00e1ria Jardim dos Arcos\"},\"image\":{\"@id\":\"https:\\\/\\\/clinicadentariajardimdosarcos.pt\\\/en\\\/#\\\/schema\\\/logo\\\/image\\\/\"}},{\"@type\":\"Person\",\"@id\":\"https:\\\/\\\/clinicadentariajardimdosarcos.pt\\\/en\\\/#\\\/schema\\\/person\\\/96422b1b3d3f30cb46ee5158178822f2\",\"name\":\"Clinica Jardim dos Arcos\",\"image\":{\"@type\":\"ImageObject\",\"inLanguage\":\"en-US\",\"@id\":\"https:\\\/\\\/secure.gravatar.com\\\/avatar\\\/412153c7f46f229f928a19393d9c7fb018772c0bbb0f8075cca00235811dc2ea?s=96&d=mm&r=g\",\"url\":\"https:\\\/\\\/secure.gravatar.com\\\/avatar\\\/412153c7f46f229f928a19393d9c7fb018772c0bbb0f8075cca00235811dc2ea?s=96&d=mm&r=g\",\"contentUrl\":\"https:\\\/\\\/secure.gravatar.com\\\/avatar\\\/412153c7f46f229f928a19393d9c7fb018772c0bbb0f8075cca00235811dc2ea?s=96&d=mm&r=g\",\"caption\":\"Clinica Jardim dos Arcos\"},\"description\":\"Director Cl\u00ednico e co-propriet\u00e1rio da Cl\u00ednica Dent\u00e1ria Jardim dos Arcos, em Pa\u00e7os de Arcos, Oeiras, Portugal.\",\"sameAs\":[\"http:\\\/\\\/www.linkedin.com\\\/in\\\/amandocoimbradecarvalho\",\"https:\\\/\\\/www.facebook.com\\\/profile.php?id=100000634654800\",\"https:\\\/\\\/x.com\\\/jardimdosarcos\"],\"url\":\"https:\\\/\\\/clinicadentariajardimdosarcos.pt\\\/en\\\/author\\\/coimbra\\\/\"}]}<\/script>\n<!-- \/ Yoast SEO plugin. -->","yoast_head_json":{"title":"Coimbra de Carvalho - Cl\u00ednica Dent\u00e1ria Jardim dos Arcos","description":"Cl\u00ednica Dent\u00e1ria Jardim dos Arcos, the best dentists in Pa\u00e7os de Arcos, Oeiras, Lisboa.","robots":{"index":"index","follow":"follow","max-snippet":"max-snippet:-1","max-image-preview":"max-image-preview:large","max-video-preview":"max-video-preview:-1"},"canonical":"https:\/\/clinicadentariajardimdosarcos.pt\/en\/coimbra-de-carvalho\/","og_locale":"en_US","og_type":"article","og_title":"Coimbra de Carvalho - Cl\u00ednica Dent\u00e1ria Jardim dos Arcos","og_description":"Cl\u00ednica Dent\u00e1ria Jardim dos Arcos, the best dentists in Pa\u00e7os de Arcos, Oeiras, Lisboa.","og_url":"https:\/\/clinicadentariajardimdosarcos.pt\/en\/coimbra-de-carvalho\/","og_site_name":"Cl\u00ednica Dent\u00e1ria Jardim dos Arcos","article_author":"https:\/\/www.facebook.com\/profile.php?id=100000634654800","article_published_time":"2015-03-04T19:29:57+00:00","article_modified_time":"2019-07-02T12:01:46+00:00","og_image":[{"url":"https:\/\/clinicadentariajardimdosarcos.pt\/wp-content\/uploads\/2015\/04\/Ant\u00f3nio_Coimbra_de_Carvalho-Foto1-150x150.jpg","type":"","width":"","height":""}],"author":"Clinica Jardim dos Arcos","twitter_card":"summary_large_image","twitter_creator":"@jardimdosarcos","twitter_misc":{"Written by":"Clinica Jardim dos Arcos","Est. reading time":"4 minutes"},"schema":{"@context":"https:\/\/schema.org","@graph":[{"@type":"Article","@id":"https:\/\/clinicadentariajardimdosarcos.pt\/en\/coimbra-de-carvalho\/#article","isPartOf":{"@id":"https:\/\/clinicadentariajardimdosarcos.pt\/en\/coimbra-de-carvalho\/"},"author":{"name":"Clinica Jardim dos Arcos","@id":"https:\/\/clinicadentariajardimdosarcos.pt\/en\/#\/schema\/person\/96422b1b3d3f30cb46ee5158178822f2"},"headline":"Coimbra de Carvalho","datePublished":"2015-03-04T19:29:57+00:00","dateModified":"2019-07-02T12:01:46+00:00","mainEntityOfPage":{"@id":"https:\/\/clinicadentariajardimdosarcos.pt\/en\/coimbra-de-carvalho\/"},"wordCount":810,"publisher":{"@id":"https:\/\/clinicadentariajardimdosarcos.pt\/en\/#organization"},"keywords":["Reabilita\u00e7\u00e3o Oral"],"articleSection":["Clinical Director","Dentist","Director Cl\u00ednico"],"inLanguage":"en-US"},{"@type":"WebPage","@id":"https:\/\/clinicadentariajardimdosarcos.pt\/en\/coimbra-de-carvalho\/","url":"https:\/\/clinicadentariajardimdosarcos.pt\/en\/coimbra-de-carvalho\/","name":"Coimbra de Carvalho - Cl\u00ednica Dent\u00e1ria Jardim dos Arcos","isPartOf":{"@id":"https:\/\/clinicadentariajardimdosarcos.pt\/en\/#website"},"datePublished":"2015-03-04T19:29:57+00:00","dateModified":"2019-07-02T12:01:46+00:00","description":"Cl\u00ednica Dent\u00e1ria Jardim dos Arcos, the best dentists in Pa\u00e7os de Arcos, Oeiras, Lisboa.","breadcrumb":{"@id":"https:\/\/clinicadentariajardimdosarcos.pt\/en\/coimbra-de-carvalho\/#breadcrumb"},"inLanguage":"en-US","potentialAction":[{"@type":"ReadAction","target":["https:\/\/clinicadentariajardimdosarcos.pt\/en\/coimbra-de-carvalho\/"]}]},{"@type":"BreadcrumbList","@id":"https:\/\/clinicadentariajardimdosarcos.pt\/en\/coimbra-de-carvalho\/#breadcrumb","itemListElement":[{"@type":"ListItem","position":1,"name":"In\u00edcio","item":"https:\/\/clinicadentariajardimdosarcos.pt\/en\/"},{"@type":"ListItem","position":2,"name":"Coimbra de Carvalho"}]},{"@type":"WebSite","@id":"https:\/\/clinicadentariajardimdosarcos.pt\/en\/#website","url":"https:\/\/clinicadentariajardimdosarcos.pt\/en\/","name":"Cl\u00ednica Dent\u00e1ria Jardim dos Arcos","description":"O Seu Dentista em Pa\u00e7o de Arcos, Oeiras, Lisboa","publisher":{"@id":"https:\/\/clinicadentariajardimdosarcos.pt\/en\/#organization"},"potentialAction":[{"@type":"SearchAction","target":{"@type":"EntryPoint","urlTemplate":"https:\/\/clinicadentariajardimdosarcos.pt\/en\/?s={search_term_string}"},"query-input":{"@type":"PropertyValueSpecification","valueRequired":true,"valueName":"search_term_string"}}],"inLanguage":"en-US"},{"@type":"Organization","@id":"https:\/\/clinicadentariajardimdosarcos.pt\/en\/#organization","name":"Cl\u00ednica Dent\u00e1ria Jardim dos Arcos","url":"https:\/\/clinicadentariajardimdosarcos.pt\/en\/","logo":{"@type":"ImageObject","inLanguage":"en-US","@id":"https:\/\/clinicadentariajardimdosarcos.pt\/en\/#\/schema\/logo\/image\/","url":"https:\/\/clinicadentariajardimdosarcos.pt\/wp-content\/uploads\/2015\/02\/logo.png","contentUrl":"https:\/\/clinicadentariajardimdosarcos.pt\/wp-content\/uploads\/2015\/02\/logo.png","width":182,"height":85,"caption":"Cl\u00ednica Dent\u00e1ria Jardim dos Arcos"},"image":{"@id":"https:\/\/clinicadentariajardimdosarcos.pt\/en\/#\/schema\/logo\/image\/"}},{"@type":"Person","@id":"https:\/\/clinicadentariajardimdosarcos.pt\/en\/#\/schema\/person\/96422b1b3d3f30cb46ee5158178822f2","name":"Clinica Jardim dos Arcos","image":{"@type":"ImageObject","inLanguage":"en-US","@id":"https:\/\/secure.gravatar.com\/avatar\/412153c7f46f229f928a19393d9c7fb018772c0bbb0f8075cca00235811dc2ea?s=96&d=mm&r=g","url":"https:\/\/secure.gravatar.com\/avatar\/412153c7f46f229f928a19393d9c7fb018772c0bbb0f8075cca00235811dc2ea?s=96&d=mm&r=g","contentUrl":"https:\/\/secure.gravatar.com\/avatar\/412153c7f46f229f928a19393d9c7fb018772c0bbb0f8075cca00235811dc2ea?s=96&d=mm&r=g","caption":"Clinica Jardim dos Arcos"},"description":"Director Cl\u00ednico e co-propriet\u00e1rio da Cl\u00ednica Dent\u00e1ria Jardim dos Arcos, em Pa\u00e7os de Arcos, Oeiras, Portugal.","sameAs":["http:\/\/www.linkedin.com\/in\/amandocoimbradecarvalho","https:\/\/www.facebook.com\/profile.php?id=100000634654800","https:\/\/x.com\/jardimdosarcos"],"url":"https:\/\/clinicadentariajardimdosarcos.pt\/en\/author\/coimbra\/"}]}},"_links":{"self":[{"href":"https:\/\/clinicadentariajardimdosarcos.pt\/en\/wp-json\/wp\/v2\/posts\/7241","targetHints":{"allow":["GET"]}}],"collection":[{"href":"https:\/\/clinicadentariajardimdosarcos.pt\/en\/wp-json\/wp\/v2\/posts"}],"about":[{"href":"https:\/\/clinicadentariajardimdosarcos.pt\/en\/wp-json\/wp\/v2\/types\/post"}],"author":[{"embeddable":true,"href":"https:\/\/clinicadentariajardimdosarcos.pt\/en\/wp-json\/wp\/v2\/users\/2"}],"replies":[{"embeddable":true,"href":"https:\/\/clinicadentariajardimdosarcos.pt\/en\/wp-json\/wp\/v2\/comments?post=7241"}],"version-history":[{"count":0,"href":"https:\/\/clinicadentariajardimdosarcos.pt\/en\/wp-json\/wp\/v2\/posts\/7241\/revisions"}],"wp:attachment":[{"href":"https:\/\/clinicadentariajardimdosarcos.pt\/en\/wp-json\/wp\/v2\/media?parent=7241"}],"wp:term":[{"taxonomy":"category","embeddable":true,"href":"https:\/\/clinicadentariajardimdosarcos.pt\/en\/wp-json\/wp\/v2\/categories?post=7241"},{"taxonomy":"post_tag","embeddable":true,"href":"https:\/\/clinicadentariajardimdosarcos.pt\/en\/wp-json\/wp\/v2\/tags?post=7241"}],"curies":[{"name":"wp","href":"https:\/\/api.w.org\/{rel}","templated":true}]}}